[{"@context":"https:\/\/schema.org\/","@type":"Article","@id":"https:\/\/www.pekur.sk\/peticia-proti-elektrickym-kolobezkam\/#Article","mainEntityOfPage":"https:\/\/www.pekur.sk\/peticia-proti-elektrickym-kolobezkam\/","headline":"Pet\u00edcia proti elektrick\u00fdm kolobe\u017ek\u00e1m","name":"Pet\u00edcia proti elektrick\u00fdm kolobe\u017ek\u00e1m","description":"U\u017e ste po\u010duli o tom, \u017ee sa spisuj\u00fa r\u00f4zne pet\u00edcie proti pou\u017e\u00edvaniu elektrick\u00fdch kolobe\u017eiek na chodn\u00edkoch? R\u00f4zne mest\u00e1 pon\u00fakli mo\u017enos\u0165 vyjadri\u0165 sa oby\u010dajn\u00fdm \u013eu\u010fom k dan\u00e9mu probl\u00e9mu v mest\u00e1ch. Chc\u00fa&hellip; <span class=\"read-more-span\"><a href=\"https:\/\/www.pekur.sk\/peticia-proti-elektrickym-kolobezkam\/\" class=\"more-link\">Pokra\u010dovat ve \u010dten\u00ed<span class=\"screen-reader-text\"> \"Pet\u00edcia proti elektrick\u00fdm kolobe\u017ek\u00e1m\"<\/span> <span class=\"genericon genericon-next\"><\/span><\/a><\/span>","datePublished":"2023-10-16","dateModified":"2024-07-16","author":{"@type":"Person","@id":"https:\/\/www.pekur.sk\/author\/devene\/#Person","name":"devene","url":"https:\/\/www.pekur.sk\/author\/devene\/","identifier":1,"image":{"@type":"ImageObject","@id":"https:\/\/secure.gravatar.com\/avatar\/212a6ea425a80cff3df937dbbc230f07127cee4fead311d1e3d946308365d666?s=96&d=mm&r=g","url":"https:\/\/secure.gravatar.com\/avatar\/212a6ea425a80cff3df937dbbc230f07127cee4fead311d1e3d946308365d666?s=96&d=mm&r=g","height":96,"width":96}},"publisher":{"@type":"Organization","name":"pekur.sk","logo":{"@type":"ImageObject","@id":"\/logo.png","url":"\/logo.png","width":600,"height":60}},"image":{"@type":"ImageObject","@id":"https:\/\/www.pekur.sk\/wp-content\/uploads\/red-electric-toy-scooter-8383758_640_3.jpg","url":"https:\/\/www.pekur.sk\/wp-content\/uploads\/red-electric-toy-scooter-8383758_640_3.jpg","height":0,"width":0},"url":"https:\/\/www.pekur.sk\/peticia-proti-elektrickym-kolobezkam\/","about":["Moto"],"wordCount":415,"articleBody":"U\u017e ste po\u010duli o tom, \u017ee sa spisuj\u00fa r\u00f4zne pet\u00edcie proti pou\u017e\u00edvaniu elektrick\u00fdch kolobe\u017eiek na chodn\u00edkoch? R\u00f4zne mest\u00e1 pon\u00fakli mo\u017enos\u0165 vyjadri\u0165 sa oby\u010dajn\u00fdm \u013eu\u010fom k dan\u00e9mu probl\u00e9mu v mest\u00e1ch. Chc\u00fa odkloni\u0165 jazdcov na elektrick\u00fdch kolobe\u017ek\u00e1ch na cestn\u00fa komunik\u00e1ciu. T\u00fdm p\u00e1dom by sa neohrozovali chodci, \u010di aj \u013eudia na teras\u00e1ch alebo aj pohyb po pe\u0161ej z\u00f3ne. Akur\u00e1t som jednu tak\u00fato pet\u00edciu \u010d\u00edtala teraz r\u00e1no. Je vhodn\u00e9, aby sa elektrick\u00e9 kolobe\u017eky presunuli na cestu, kde u\u017e teraz je pr\u00edli\u0161 ve\u013ea osobn\u00fdch automobilov? Je to v\u00f4bec dobr\u00e9 rie\u0161enie? Mesto rob\u00ed to, \u010do uzn\u00e1 za vhodn\u00e9.N\u00e1zory obyvate\u013eov ich \u010dasto nezauj\u00edmaj\u00fa, no ja si mysl\u00edm, \u017ee ich to ovplyvn\u00ed v rozhodovan\u00ed. Mesto by si malo uvedomi\u0165, \u017ee elektrick\u00e9 kolobe\u017eky s\u00fa nebezpe\u010dn\u00e9. Jazdci nemaj\u00fa ochrann\u00fa bezpe\u010dnostn\u00fa prilbu a jazdia prir\u00fdchlo. To sp\u00f4sobuje r\u00f4zne nehody, ktor\u00e9 vid\u00edme aj v spr\u00e1vach v telev\u00edzii. Je ich \u010doraz viac. Elektrick\u00e9 kolobe\u017eky s\u00fa ve\u013emi nebezpe\u010dn\u00e9. Jazdci ve\u013eakr\u00e1t nepoznaj\u00fa, ako sa na elektrickej kolobe\u017eke maj\u00fa spr\u00e1va\u0165. Jazdia r\u00fdchlo a nebezpe\u010dne. Ohrozuj\u00fa chodcov, d\u00f4chodcov, mami\u010dky s de\u0165mi a in\u00fdch u\u017e\u00edvate\u013eov chodn\u00edka. Av\u0161ak, bolo by vhodn\u00e9, aby sa jazdci na elektrick\u00fdch kolobe\u017ek\u00e1ch presmerovali na cestn\u00fa komunik\u00e1ciu? Ohrozovali by \u0161of\u00e9rov. U\u017e teraz m\u00e1me v mest\u00e1ch pr\u00edli\u0161 hust\u00fa prem\u00e1vku a to tam e\u0161te nie s\u00fa jazdci na elektrick\u00fdch kolobe\u017ek\u00e1ch.Neviem, \u010di je pr\u00e1ve odklonenie jazdcov na elektrick\u00fdch kolobe\u017ek\u00e1ch na cestu t\u00fdm najvhodnej\u0161\u00edm rie\u0161en\u00edm. Mali by sa odkloni\u0165 na cyklotrasy. V mest\u00e1ch sa roz\u0161iruj\u00fa \u00faseky, kde m\u00f4\u017eu prioritne jazdi\u0165 na bicykloch, kolieskov\u00fdch kor\u010duliach alebo aj na elektrick\u00fdch kolobe\u017ek\u00e1ch. Tam pr\u00e1ve t\u00edto jazdci patria. Mesto by sa malo sna\u017ei\u0165 o to, aby sa na elektrick\u00fdch kolobe\u017ek\u00e1ch jazdilo aj bezpe\u010dne. Rie\u0161en\u00edm by bolo zavies\u0165 opatrenie, kde by bolo jasne stanoven\u00e9, \u017ee elektrick\u00fa kolobe\u017eku m\u00f4\u017ee vyu\u017e\u00edva\u0165 len \u010dlovek, ktor\u00fd m\u00e1 vodi\u010dsk\u00fd preukaz. Ten si pre\u0161iel auto\u0161kolou a teda ovl\u00e1da dopravn\u00e9 zna\u010dky a spr\u00e1vanie sa na cestn\u00fdch komunik\u00e1ci\u00e1ch.                                                                                                                                                                                                                                                                                                                                                                                        4.7\/5 - (13 votes)        "},{"@context":"https:\/\/schema.org\/","@type":"BreadcrumbList","itemListElement":[{"@type":"ListItem","position":1,"name":"Pet\u00edcia proti elektrick\u00fdm kolobe\u017ek\u00e1m","item":"https:\/\/www.pekur.sk\/peticia-proti-elektrickym-kolobezkam\/#breadcrumbitem"}]}]