[{"@context":"https:\/\/schema.org\/","@type":"Article","@id":"https:\/\/www.pekur.sk\/koberce-ciste-raz-dva\/#Article","mainEntityOfPage":"https:\/\/www.pekur.sk\/koberce-ciste-raz-dva\/","headline":"Koberce \u010dist\u00e9 raz-dva!","name":"Koberce \u010dist\u00e9 raz-dva!","description":"M\u00e1te pocit, \u017ee va\u0161e koberce v dom\u00e1cnosti \u010di v pr\u00e1ci u\u017e potrebuj\u00fa vy\u010disti\u0165? Potrebujete sa zbavi\u0165 \u0161kv\u0155n, ktor\u00e9 z koberca nejd\u00fa len tak \u013eahko dole? Kontaktujte n\u00e1s! Na Slovenskom trhu&hellip; <span class=\"read-more-span\"><a href=\"https:\/\/www.pekur.sk\/koberce-ciste-raz-dva\/\" class=\"more-link\">Pokra\u010dovat ve \u010dten\u00ed<span class=\"screen-reader-text\"> \"Koberce \u010dist\u00e9 raz-dva!\"<\/span> <span class=\"genericon genericon-next\"><\/span><\/a><\/span>","datePublished":"2023-01-17","dateModified":"2023-04-28","author":{"@type":"Person","@id":"https:\/\/www.pekur.sk\/author\/devene\/#Person","name":"devene","url":"https:\/\/www.pekur.sk\/author\/devene\/","identifier":1,"image":{"@type":"ImageObject","@id":"https:\/\/secure.gravatar.com\/avatar\/212a6ea425a80cff3df937dbbc230f07127cee4fead311d1e3d946308365d666?s=96&d=mm&r=g","url":"https:\/\/secure.gravatar.com\/avatar\/212a6ea425a80cff3df937dbbc230f07127cee4fead311d1e3d946308365d666?s=96&d=mm&r=g","height":96,"width":96}},"publisher":{"@type":"Organization","name":"pekur.sk","logo":{"@type":"ImageObject","@id":"\/logo.png","url":"\/logo.png","width":600,"height":60}},"image":{"@type":"ImageObject","@id":"https:\/\/www.pekur.sk\/wp-content\/uploads\/%C4%8Distenie%20kobercov_3.jpg","url":"https:\/\/www.pekur.sk\/wp-content\/uploads\/%C4%8Distenie%20kobercov_3.jpg","height":0,"width":0},"url":"https:\/\/www.pekur.sk\/koberce-ciste-raz-dva\/","about":["Business"],"wordCount":432,"articleBody":"       M\u00e1te pocit, \u017ee va\u0161e koberce v dom\u00e1cnosti \u010di v pr\u00e1ci u\u017e potrebuj\u00fa vy\u010disti\u0165? Potrebujete sa zbavi\u0165 \u0161kv\u0155n, ktor\u00e9 z koberca nejd\u00fa len tak \u013eahko dole? Kontaktujte n\u00e1s!Na Slovenskom trhu p\u00f4sob\u00ed mnoho firiem, ktor\u00e9 pon\u00fakaj\u00fa \u010distiace a upratovacie slu\u017eby, no av\u0161ak m\u00e1lo z nich vie pon\u00faknu\u0165 kvalitne odveden\u00fa pr\u00e1cu. Firiem, ktor\u00e9 vedia na pr\u00e1cu poskytn\u00fa\u0165 \u0161ikovn\u00fdch za\u0161kolen\u00fdch pracovn\u00edkov, najmodernej\u0161iu \u010distiacu techniku, dlhoro\u010dn\u00e9 sk\u00fasenosti je \u017eia\u013e m\u00e1lo, no na\u0161a firma k n\u00edm patr\u00ed. Okrem profesion\u00e1lnych upratovac\u00edch slu\u017eieb v\u00e1m n\u00e1\u0161 upratovac\u00ed servis GRANT pon\u00faka aj \u010distenie kobercov v Poprade. Ak poch\u00e1dzate z okolia Popradu, nev\u00e1hajte na\u0161e slu\u017eby vyu\u017ei\u0165. Ak neviete odstr\u00e1ni\u0165 za\u017erat\u00e9 f\u013eaky z v\u00e1\u0161ho koberca alebo by ste len radi osvie\u017eili ten v\u00e1\u0161 star\u00fd, ke\u010f\u017ee u\u017e by si zasl\u00fa\u017eil nejak\u00e9 to h\u013abkov\u00e9 \u010distenie \u2013 obr\u00e1\u0165te sa na n\u00e1s. Na\u0161i profesion\u00e1lni pracovn\u00edci v Poprade v\u00e1\u0161 koberec vy\u010distia za v\u00e1s. Dokonca aj cena za tak\u00e9to \u010distenie koberca je viac ne\u017e len pr\u00edjemn\u00e1. U\u017e sa nemus\u00edte sami zbyto\u010dne nam\u00e1ha\u0165 a tr\u00e1pi\u0165 pri drhnut\u00ed va\u0161ich kobercov v dom\u00e1cnosti \u010di v pr\u00e1ci svojpomocne. Vyu\u017eite na\u0161e slu\u017eby a prenechajte t\u00fato pr\u00e1cu na\u0161im pracovn\u00edkom, ktor\u00ed sa o v\u00e1\u0161 koberec postaraj\u00fa raz-dva. S bohat\u00fdmi sk\u00fasenos\u0165ami, s dlhoro\u010dnou praxou a s najmodernej\u0161\u00edmi pr\u00edstrojmi \u010di technikami v\u00e1\u0161 \u0161pinav\u00fd koberec bude ako nov\u00fd za kr\u00e1tku dobu. Na\u0161i zamestnanci sa o\u0148 postaraj\u00fa a vy nasp\u00e4\u0165 dostanete koberec skoro ako nov\u00fd. V\u00e1\u0161 koberec bude po odvedenej pr\u00e1ci na\u0161ich pracovn\u00edkov bude na nespoznanie. F\u013eaky od k\u00e1vy, v\u00edna, detsk\u00fdch farbi\u010diek \u010di od in\u00fdch tekut\u00edn bud\u00fa u\u017e minulos\u0165ou. Na\u010do vyhadzova\u0165 \u0161pinav\u00e9 koberce, ktor\u00fdm e\u0161te m\u00f4\u017eete da\u0165 nov\u00fa \u0161ancu? Po kr\u00e1tkom z\u00e1sahu na\u0161ich pracovn\u00edkov v\u00e1\u0161 koberec bude na nespoznanie \u010dist\u00fd a vy si tak u\u0161etr\u00edte \u010das pri v\u00fdbere nov\u00e9ho, ale aj peniaze z va\u0161ej pe\u0148a\u017eenky. Nev\u00e1hajte s v\u00fdberom tej spr\u00e1vnej firmy \u2013 u n\u00e1s n\u00e1jdete v\u0161etko, \u010do o\u010dak\u00e1vate. Prec\u00edznos\u0165, zodpovednos\u0165 a seri\u00f3zny pr\u00edstup je to, \u010do v\u00e1m vieme pon\u00faknu\u0165 spolu s na\u0161imi slu\u017ebami. Ne\u010dakajte na in\u00e9 ponuky a obr\u00e1\u0165te sa na n\u00e1s!                                                                                                                                                                                                                                                                                                                                                                                          4.5\/5 - (13 votes)        "},{"@context":"https:\/\/schema.org\/","@type":"BreadcrumbList","itemListElement":[{"@type":"ListItem","position":1,"name":"Koberce \u010dist\u00e9 raz-dva!","item":"https:\/\/www.pekur.sk\/koberce-ciste-raz-dva\/#breadcrumbitem"}]}]