[{"@context":"https:\/\/schema.org\/","@type":"Article","@id":"https:\/\/www.pekur.sk\/jesen-v-znameni-voni\/#Article","mainEntityOfPage":"https:\/\/www.pekur.sk\/jesen-v-znameni-voni\/","headline":"Jese\u0148 v znamen\u00ed v\u00f4n\u00ed","name":"Jese\u0148 v znamen\u00ed v\u00f4n\u00ed","description":"Jese\u0148 prin\u00e1\u0161a mnoh\u00e9 zmeny, ktor\u00e9 sa prejavuj\u00fa nielen na po\u010das\u00ed, no aj na inej n\u00e1lade, ktor\u00fa \u010dlovek zrazu m\u00f4\u017ee ma\u0165. Kon\u010d\u00ed leto a to v\u00e1m m\u00f4\u017ee by\u0165 znenazdania \u00faprimne \u013e\u00fato.&hellip; <span class=\"read-more-span\"><a href=\"https:\/\/www.pekur.sk\/jesen-v-znameni-voni\/\" class=\"more-link\">Pokra\u010dovat ve \u010dten\u00ed<span class=\"screen-reader-text\"> \"Jese\u0148 v znamen\u00ed v\u00f4n\u00ed\"<\/span> <span class=\"genericon genericon-next\"><\/span><\/a><\/span>","datePublished":"2023-09-03","dateModified":"2023-12-03","author":{"@type":"Person","@id":"https:\/\/www.pekur.sk\/author\/devene\/#Person","name":"devene","url":"https:\/\/www.pekur.sk\/author\/devene\/","identifier":1,"image":{"@type":"ImageObject","@id":"https:\/\/secure.gravatar.com\/avatar\/212a6ea425a80cff3df937dbbc230f07127cee4fead311d1e3d946308365d666?s=96&d=mm&r=g","url":"https:\/\/secure.gravatar.com\/avatar\/212a6ea425a80cff3df937dbbc230f07127cee4fead311d1e3d946308365d666?s=96&d=mm&r=g","height":96,"width":96}},"publisher":{"@type":"Organization","name":"pekur.sk","logo":{"@type":"ImageObject","@id":"\/logo.png","url":"\/logo.png","width":600,"height":60}},"image":{"@type":"ImageObject","@id":"https:\/\/www.pekur.sk\/wp-content\/uploads\/vune_do_prani_P7Uron.webp","url":"https:\/\/www.pekur.sk\/wp-content\/uploads\/vune_do_prani_P7Uron.webp","height":0,"width":0},"url":"https:\/\/www.pekur.sk\/jesen-v-znameni-voni\/","about":["Produkty"],"wordCount":425,"articleBody":"       Jese\u0148 prin\u00e1\u0161a mnoh\u00e9 zmeny, ktor\u00e9 sa prejavuj\u00fa nielen na po\u010das\u00ed, no aj na inej n\u00e1lade, ktor\u00fa \u010dlovek zrazu m\u00f4\u017ee ma\u0165. Kon\u010d\u00ed leto a to v\u00e1m m\u00f4\u017ee by\u0165 znenazdania \u00faprimne \u013e\u00fato. No ka\u017ed\u00e9 ro\u010dn\u00e9 obdobie m\u00e1 svoje kr\u00e1sy a nie je tomu inak ani na jese\u0148. N\u00e1dhern\u00e9 farby a melancholick\u00e1 atmosf\u00e9ra si priam \u017eiadaj\u00fa povzbudenie vo forme pr\u00edjemnej n\u00e1lady so svie\u010dkami alebo nezabudnute\u013en\u00fdmi pestr\u00fdmi v\u00f4\u0148ami. \u010ci u\u017e si sprav\u00edte aromaterapiu, alebo k\u00fapite nov\u00fd parfum, v\u00f4\u0148a dok\u00e1\u017ee \u010dloveku navodi\u0165 dobr\u00fd pocit, uvo\u013enenie i pr\u00edjemn\u00fa n\u00e1ladu. Preto je jedine\u010dnou pr\u00edle\u017eitos\u0165ou sk\u00fasi\u0165 rozvo\u0148a\u0165 doslova cel\u00fd svoj domov cez nie\u010do tak jednoduch\u00e9 ako je bielize\u0148. N\u00e1dhern\u00e1 v\u00f4\u0148a v\u00e1s tak bude sprev\u00e1dza\u0165 po nieko\u013eko dn\u00ed \u010di t\u00fd\u017ed\u0148ov. Ako na to? Be\u017en\u00fa aviv\u00e1\u017e nahrad\u00edte olejov\u00fdm parf\u00e9mom do prania pod\u013ea svojho v\u00fdberu. A je to!   Origin\u00e1lne vo\u0148av\u00e9 pranie   Vo\u0148av\u00e9 pranie je ozajstn\u00fd balzam pre zmysly! Vedie k dobrej n\u00e1lade, povzbudeniu a celkovo lep\u0161iemu pocitu. M\u00e1lokto nem\u00e1 r\u00e1d v\u00f4\u0148u \u010derstvo opranej bielizne, ktor\u00e1 ho sprev\u00e1dza po cel\u00fd de\u0148! Origin\u00e1lna pr\u00edrodn\u00e1 v\u00f4\u0148a do pr\u00e1\u010dky, ktor\u00e1 obsahuje vonn\u00e9 kompoz\u00edcie z vysoko kvalitn\u00fdch 100 % pr\u00edrodn\u00fdch esenci\u00e1lnych olejov, perfektne osvie\u017ei bielize\u0148 a rozvonia cel\u00fd domov. Na jese\u0148 ako stvoren\u00e9, s ob\u013e\u00faben\u00fdm v\u00fdberom v\u00f4n\u00ed! Sta\u010d\u00ed aplikova\u0165 miesto aviv\u00e1\u017ee do pr\u00e1\u010dky p\u00e1r kvapiek \u010di ly\u017ei\u010dku a v\u00fdsledok poc\u00edtite ihne\u010f. My v\u00e1m odpor\u00fa\u010dame kvalitn\u00e9 olejov\u00e9 parf\u00e9my do prania z talianskej zna\u010dky Essentia, ktor\u00e9 maj\u00fa naozaj \u0161irok\u00fa ponuku r\u00f4znych v\u00f4n\u00ed. V\u00f4ne si \u013eahko skombinujete alebo vystriedate, ke\u010f\u017ee s\u00fa dostupn\u00e9 aj v praktick\u00fdch men\u0161\u00edch baleniach.   Pr\u00edrodn\u00e9 a vo\u0148av\u00e9 oleje do prania  Niet nad n\u00e1dhern\u00e9 v\u00f4ne alebo parfumy vytvoren\u00e9 z \u010dist\u00fdch esenci\u00ed, ktor\u00e9 sa nach\u00e1dzaj\u00fa v pr\u00edrode. I umel\u00e9 v\u00f4ne vedia vytvori\u0165 n\u00e1dhern\u00e9 kompoz\u00edcie, no pr\u00edroda je \u010dloveku ove\u013ea bli\u017e\u0161ia. Zvl\u00e1\u0161\u0165 na tkanin\u00e1ch a oble\u010den\u00ed, kde s v\u00f4\u0148ou prich\u00e1dzate do styku ka\u017ed\u00fd de\u0148, je ve\u013emi zdrav\u00e9 ma\u0165 svie\u017eu v\u00f4\u0148u, ktor\u00e1 v\u00e1m doslova nabud\u00ed zmysly a pozdvihne n\u00e1ladu v pochm\u00farne jesenn\u00e9 dni. Tak hor sa na to, za\u010d\u00edname s vo\u0148av\u00fdm pran\u00edm!                                                                                                                                                                                                                                                                                                                                                                                          4.1\/5 - (11 votes)        "},{"@context":"https:\/\/schema.org\/","@type":"BreadcrumbList","itemListElement":[{"@type":"ListItem","position":1,"name":"Jese\u0148 v znamen\u00ed v\u00f4n\u00ed","item":"https:\/\/www.pekur.sk\/jesen-v-znameni-voni\/#breadcrumbitem"}]}]